{"id":2077,"date":"2017-04-15T14:26:01","date_gmt":"2017-04-15T12:26:01","guid":{"rendered":"http:\/\/www.ff-unterwolfsbach.at\/wp\/?p=2077"},"modified":"2020-02-03T13:49:36","modified_gmt":"2020-02-03T12:49:36","slug":"ratscherkinder-2017","status":"publish","type":"post","link":"https:\/\/www.ff-unterwolfsbach.at\/wp\/ratscherkinder-2017\/","title":{"rendered":"Ratscherkinder 2017"},"content":{"rendered":"<p>Auch dieses Jahr wurde in Unterwolfsbach wieder flei\u00dfig geratscht.<\/p>\n<p>Unter &#8222;Ratschermeisterin&#8220; Sophie B\u00f6hm zogen acht Kinder von Gr\u00fcndonnerstag bis Karsamstag durch das Dorf,\u00a0um die schweigenden Kirchenglocken zu ersetzten.<\/p>\n<style type=\"text\/css\">\n#foogallery-gallery-2079 .fg-image { width: 640px; }<\/style>\n\t\t\t<div class=\"foogallery foogallery-container foogallery-image-viewer foogallery-link-image foogallery-lightbox-dfactory fg-center fg-image-viewer fg-ready fg-light fg-border-thin fg-round-medium fg-shadow-outline fg-loading-default fg-loaded-fade-in fg-hover-grayscale fg-hover-scale fg-caption-hover fg-hover-fade fg-hover-zoom\" id=\"foogallery-gallery-2079\" data-foogallery=\"{&quot;item&quot;:{&quot;showCaptionTitle&quot;:false,&quot;showCaptionDescription&quot;:true},&quot;lazy&quot;:true,&quot;template&quot;:{&quot;loop&quot;:true}}\" style=\"--fg-title-line-clamp: 0; --fg-description-line-clamp: 0;\" >\n\t<div class=\"fiv-inner\">\n\t\t<div class=\"fiv-inner-container\">\n\t\t\t<div class=\"fg-item fg-type-image fg-idle\"><figure class=\"fg-item-inner\"><a href=\"https:\/\/www.ff-unterwolfsbach.at\/wp\/wp-content\/uploads\/2018\/07\/ratschenkinder2017_res.jpg\" data-caption-title=\"(v.l.n.r.) Max und Felix Baumgartner, Sabrina Pfeiffer, Annika und Isabell Gneist, Sophie B\u00f6hm, Nadine Pfeiffer und Erik Triebenbacher\" data-caption-desc=\"(v.l.n.r.) Max und Felix Baumgartner, Sabrina Pfeiffer, Annika und Isabell Gneist, Sophie B\u00f6hm, Nadine Pfeiffer und Erik Triebenbacher\" data-attachment-id=\"2081\" data-rel=\"lightbox-gallery-bGlnaHRib3g=\" data-rl_title=\"\" data-rl_caption=\"\" title=\"\" data-type=\"image\" class=\"fg-thumb\"><span class=\"fg-image-wrap\"><img fetchpriority=\"high\" decoding=\"async\" title=\"(v.l.n.r.) Max und Felix Baumgartner, Sabrina Pfeiffer, Annika und Isabell Gneist, Sophie B\u00f6hm, Nadine Pfeiffer und Erik Triebenbacher\" width=\"640\" height=\"360\" class=\"skip-lazy fg-image\" data-src-fg=\"https:\/\/www.ff-unterwolfsbach.at\/wp\/wp-content\/uploads\/cache\/2018\/07\/ratschenkinder2017_res\/3884147509.jpg\" src=\"data:image\/svg+xml,%3Csvg%20xmlns%3D%22http%3A%2F%2Fwww.w3.org%2F2000%2Fsvg%22%20width%3D%22640%22%20height%3D%22360%22%20viewBox%3D%220%200%20640%20360%22%3E%3C%2Fsvg%3E\" loading=\"eager\"><\/span><span class=\"fg-image-overlay\"><\/span><\/a><figcaption class=\"fg-caption\"><div class=\"fg-caption-inner\"><div class=\"fg-caption-desc\">(v.l.n.r.) Max und Felix Baumgartner, Sabrina Pfeiffer, Annika und Isabell Gneist, Sophie B\u00f6hm, Nadine Pfeiffer und Erik Triebenbacher<\/div><\/div><\/figcaption><\/figure><div class=\"fg-loader\"><\/div><\/div>\t\t<\/div>\n\t\t<div class=\"fiv-ctrls\">\n\t\t\t<button type=\"button\" class=\"fiv-prev\" title=\"Zur\u00fcck\"><span>Zur\u00fcck<\/span><\/button>\n\t\t\t<label class=\"fiv-count\"><span class=\"fiv-count-current\">1<\/span>von<span class=\"fiv-count-total\">1<\/span><\/label>\n\t\t\t<button type=\"button\" class=\"fiv-next\" title=\"Vor\"><span>Vor<\/span><\/button>\n\t\t<\/div>\n\t<\/div>\n<\/div>\n","protected":false},"excerpt":{"rendered":"<p>Auch dieses Jahr wurde in Unterwolfsbach wieder flei\u00dfig geratscht. Unter &#8222;Ratschermeisterin&#8220; Sophie B\u00f6hm zogen acht Kinder von Gr\u00fcndonnerstag bis Karsamstag durch das Dorf,\u00a0um die schweigenden Kirchenglocken zu ersetzten.<\/p>\n","protected":false},"author":1,"featured_media":2081,"comment_status":"closed","ping_status":"open","sticky":false,"template":"","format":"standard","meta":{"footnotes":""},"categories":[26,11],"tags":[],"class_list":["post-2077","post","type-post","status-publish","format-standard","has-post-thumbnail","hentry","category-26","category-dorf"],"_links":{"self":[{"href":"https:\/\/www.ff-unterwolfsbach.at\/wp\/wp-json\/wp\/v2\/posts\/2077","targetHints":{"allow":["GET"]}}],"collection":[{"href":"https:\/\/www.ff-unterwolfsbach.at\/wp\/wp-json\/wp\/v2\/posts"}],"about":[{"href":"https:\/\/www.ff-unterwolfsbach.at\/wp\/wp-json\/wp\/v2\/types\/post"}],"author":[{"embeddable":true,"href":"https:\/\/www.ff-unterwolfsbach.at\/wp\/wp-json\/wp\/v2\/users\/1"}],"replies":[{"embeddable":true,"href":"https:\/\/www.ff-unterwolfsbach.at\/wp\/wp-json\/wp\/v2\/comments?post=2077"}],"version-history":[{"count":2,"href":"https:\/\/www.ff-unterwolfsbach.at\/wp\/wp-json\/wp\/v2\/posts\/2077\/revisions"}],"predecessor-version":[{"id":2433,"href":"https:\/\/www.ff-unterwolfsbach.at\/wp\/wp-json\/wp\/v2\/posts\/2077\/revisions\/2433"}],"wp:featuredmedia":[{"embeddable":true,"href":"https:\/\/www.ff-unterwolfsbach.at\/wp\/wp-json\/wp\/v2\/media\/2081"}],"wp:attachment":[{"href":"https:\/\/www.ff-unterwolfsbach.at\/wp\/wp-json\/wp\/v2\/media?parent=2077"}],"wp:term":[{"taxonomy":"category","embeddable":true,"href":"https:\/\/www.ff-unterwolfsbach.at\/wp\/wp-json\/wp\/v2\/categories?post=2077"},{"taxonomy":"post_tag","embeddable":true,"href":"https:\/\/www.ff-unterwolfsbach.at\/wp\/wp-json\/wp\/v2\/tags?post=2077"}],"curies":[{"name":"wp","href":"https:\/\/api.w.org\/{rel}","templated":true}]}}